{"id":3143,"date":"2025-07-09T17:32:28","date_gmt":"2025-07-09T15:32:28","guid":{"rendered":"https:\/\/frenzzi.it\/?p=3143"},"modified":"2025-11-16T16:34:19","modified_gmt":"2025-11-16T15:34:19","slug":"come-fare-lo-styling-per-capelli-ricci-passaggi-e-prodotti-essenziali","status":"publish","type":"post","link":"https:\/\/frenzzi.it\/es\/come-fare-lo-styling-per-capelli-ricci-passaggi-e-prodotti-essenziali\/","title":{"rendered":"Como finalizar rizos: pasos y productos esenciales"},"content":{"rendered":"<div id=\"fws_69f18625dbe9d\"  data-column-margin=\"default\" data-midnight=\"dark\"  class=\"wpb_row vc_row-fluid vc_row\"  style=\"padding-top: 0px; padding-bottom: 0px; \"><div class=\"row-bg-wrap\" data-bg-animation=\"none\" data-bg-animation-delay=\"\" data-bg-overlay=\"false\"><div class=\"inner-wrap row-bg-layer\" ><div class=\"row-bg viewport-desktop\"  style=\"\"><\/div><\/div><\/div><div class=\"row_col_wrap_12 col span_12 dark left\">\n\t<div  class=\"vc_col-sm-12 wpb_column column_container vc_column_container col no-extra-padding inherit_tablet inherit_phone\"  data-padding-pos=\"all\" data-has-bg-color=\"false\" data-bg-color=\"\" data-bg-opacity=\"1\" data-animation=\"\" data-delay=\"0\" >\n\t\t<div class=\"vc_column-inner\" >\n\t\t\t<div class=\"wpb_wrapper\">\n\t\t\t\t<div class=\"img-with-aniamtion-wrap center custom-size\" data-max-width=\"100%\" data-max-width-mobile=\"default\" data-shadow=\"none\" data-animation=\"none\" >\n      <div class=\"inner\">\n        <div class=\"hover-wrap\" data-hover-animation=\"zoom\"> \n          <div class=\"hover-wrap-inner\">\n            <a href=\"https:\/\/frenzzi.it\/es\/shop-styling\/\" target=\"_self\" class=\"center\">\n              <img decoding=\"async\" class=\"img-with-animation skip-lazy\" data-delay=\"0\" height=\"497\" width=\"1024\" data-animation=\"none\" src=\"https:\/\/frenzzi.it\/wp-content\/uploads\/2024\/11\/foto-modella-bianco-nero-piccolo-1024x497.jpg\" alt=\"\" srcset=\"https:\/\/frenzzi.it\/wp-content\/uploads\/2024\/11\/foto-modella-bianco-nero-piccolo-1024x497.jpg 1024w, https:\/\/frenzzi.it\/wp-content\/uploads\/2024\/11\/foto-modella-bianco-nero-piccolo-300x146.jpg 300w, https:\/\/frenzzi.it\/wp-content\/uploads\/2024\/11\/foto-modella-bianco-nero-piccolo-768x373.jpg 768w, https:\/\/frenzzi.it\/wp-content\/uploads\/2024\/11\/foto-modella-bianco-nero-piccolo-1536x746.jpg 1536w, https:\/\/frenzzi.it\/wp-content\/uploads\/2024\/11\/foto-modella-bianco-nero-piccolo-18x9.jpg 18w, https:\/\/frenzzi.it\/wp-content\/uploads\/2024\/11\/foto-modella-bianco-nero-piccolo-100x49.jpg 100w, https:\/\/frenzzi.it\/wp-content\/uploads\/2024\/11\/foto-modella-bianco-nero-piccolo-1320x641.jpg 1320w, https:\/\/frenzzi.it\/wp-content\/uploads\/2024\/11\/foto-modella-bianco-nero-piccolo.jpg 2000w\" sizes=\"(max-width: 1024px) 100vw, 1024px\" \/>\n            <\/a>\n          <\/div>\n        <\/div>\n        \n      <\/div>\n      <\/div>\n\t\t\t<\/div> \n\t\t<\/div>\n\t<\/div> \n<\/div><\/div>\n\t\t<div id=\"fws_69f18625dd09b\"  data-column-margin=\"default\" data-midnight=\"dark\"  class=\"wpb_row vc_row-fluid vc_row\"  style=\"padding-top: 0px; padding-bottom: 0px; \"><div class=\"row-bg-wrap\" data-bg-animation=\"none\" data-bg-animation-delay=\"\" data-bg-overlay=\"false\"><div class=\"inner-wrap row-bg-layer\" ><div class=\"row-bg viewport-desktop\"  style=\"\"><\/div><\/div><\/div><div class=\"row_col_wrap_12 col span_12 dark left\">\n\t<div  class=\"vc_col-sm-2 wpb_column column_container vc_column_container col no-extra-padding inherit_tablet inherit_phone\"  data-padding-pos=\"all\" data-has-bg-color=\"false\" data-bg-color=\"\" data-bg-opacity=\"1\" data-animation=\"\" data-delay=\"0\" >\n\t\t<div class=\"vc_column-inner\" >\n\t\t\t<div class=\"wpb_wrapper\">\n\t\t\t\t\n\t\t\t<\/div> \n\t\t<\/div>\n\t<\/div> \n\n\t<div  class=\"vc_col-sm-8 wpb_column column_container vc_column_container col no-extra-padding inherit_tablet inherit_phone\"  data-padding-pos=\"all\" data-has-bg-color=\"false\" data-bg-color=\"\" data-bg-opacity=\"1\" data-animation=\"\" data-delay=\"0\" >\n\t\t<div class=\"vc_column-inner\" >\n\t\t\t<div class=\"wpb_wrapper\">\n\t\t\t\t<div class=\"divider-wrap\" data-alignment=\"default\"><div style=\"height: 25px;\" class=\"divider\"><\/div><\/div>\n<div class=\"wpb_text_column wpb_content_element\" >\n\t<blockquote>\n<p><span style=\"font-weight: 400;\">El cabello rizado requiere un cuidado espec\u00edfico para mantener su forma y vitalidad durante todo el d\u00eda. El peinado adecuado es fundamental para evitar el efecto frizz y lograr rizos definidos y suaves.<\/span><\/p>\n<\/blockquote>\n<h3><b>\u00bfPor qu\u00e9 es importante un peinado dedicado al cabello rizado?<\/b><\/h3>\n<p><span style=\"font-weight: 400;\">Los rizos tienen una estructura particular que tiende a secarse y encresparse si no se tratan correctamente. Usar productos espec\u00edficos y t\u00e9cnicas adecuadas para el cabello rizado permite realzar su belleza natural sin da\u00f1arlo.<\/span><\/p>\n<h3><b>El rol de los productos Frenzzi en la finalizaci\u00f3n<\/b><\/h3>\n<p><span style=\"font-weight: 400;\">Para un resultado \u00f3ptimo, Frenzzi propone una combinaci\u00f3n de productos dise\u00f1ados para realzar los rizos. Nuestro <\/span><a href=\"https:\/\/frenzzi.it\/es\/product\/gel-ai-semi-di-lino\/\"><b>Gel de Lino<\/b><\/a><span style=\"font-weight: 400;\"> es perfecto para moldear sin apelmazar, garantizando una fijaci\u00f3n suave y natural.<\/span><\/p>\n<p><span style=\"font-weight: 400;\">Adem\u00e1s, la <\/span><a href=\"https:\/\/frenzzi.it\/es\/product\/cascata-di-proteine\/\"><b>Cascada de Prote\u00ednas<\/b><\/a><span style=\"font-weight: 400;\"> ayuda a fortalecer y nutrir el cabello durante el peinado, manteniendo los rizos el\u00e1sticos y definidos.<\/span><\/p>\n<p><i><span style=\"font-weight: 400;\">\u201cCon el Gel de Lino finalmente puedo mantener mis rizos en orden todo el d\u00eda, sin ese molesto efecto frizz.\u201d<\/span><\/i><span style=\"font-weight: 400;\"> \u2014 Cliente Frenzzi<\/span><\/p>\n<h3><b>T\u00e9cnicas simples para una finalizaci\u00f3n perfecta<\/b><\/h3>\n<ol>\n<li style=\"font-weight: 400;\" aria-level=\"1\"><span style=\"font-weight: 400;\">Comienza con el cabello limpio y ligeramente h\u00famedo.<\/span><\/li>\n<li style=\"font-weight: 400;\" aria-level=\"1\"><span style=\"font-weight: 400;\">Aplica la Cascada de Prote\u00ednas por toda la melena para nutrir los rizos.<\/span><\/li>\n<li style=\"font-weight: 400;\" aria-level=\"1\"><span style=\"font-weight: 400;\">Distribuye el Gel de Lino de manera uniforme, usando las manos para definir los rizos.<\/span><\/li>\n<li style=\"font-weight: 400;\" aria-level=\"1\"><span style=\"font-weight: 400;\">Deja secar al aire o utiliza un difusor para mayor volumen y definici\u00f3n.<\/span><\/li>\n<\/ol>\n<h3><b>Descubre la diferencia de una finalizaci\u00f3n saludable<\/b><\/h3>\n<p><span style=\"font-weight: 400;\">Prueba los productos Frenzzi y transforma tu rutina en un momento de placer para tus rizos.<\/span><\/p>\n<p><!-- \/wp:post-content --><br \/><!-- wp:paragraph \/--><\/p>\n<\/div>\n\n\n\n<div class=\"nectar-cta  alignment_tablet_default alignment_phone_default display_tablet_inherit display_phone_inherit\" data-color=\"default\" data-using-bg=\"false\" data-style=\"see-through\" data-display=\"block\" data-alignment=\"left\" data-text-color=\"std\" style=\"--nectar-button-color: var(--nectar-default); --nectar-icon-gap: 10px; \"><h5> <span class=\"text\"> <\/span><span class=\"link_wrap\" ><a  class=\"link_text\" role=\"button\" href=\"https:\/\/frenzzi.it\/es\/cascata-di-proteine\/\">Compra los productos finalizadores de Frenzzi<span class=\"arrow\"><\/span><\/a><\/span><\/h5><\/div><div class=\"woocommerce columns-3\">\n\t\t\n\t\t\n\t\t\n  <ul class=\"products columns-3\" data-n-lazy=\"1\" data-rm-m-hover=\"1\" data-n-desktop-columns=\"3\" data-n-desktop-small-columns=\"2\" data-n-tablet-columns=\"default\" data-n-phone-columns=\"default\" data-product-style=\"minimal\">\n\n\n\n\t\t\t\n\t\t\t\t\n\t<li class=\"minimal product type-product post-1535 status-publish first instock product_cat-cosmetici product_cat-styling has-post-thumbnail featured shipping-taxable purchasable product-type-simple\" >\n\n\n\t\n\n\t\t\t\t <div class=\"background-color-expand\"><\/div>\n\t   <div class=\"product-wrap\">\n\t\t\t\n\t\t\t\t<div class=\"product-image-wrap has-hover-image\">\n\t\t\t\t\t<a href=\"https:\/\/frenzzi.it\/es\/product\/cascata-di-proteine\/\" aria-label=\"Cascada de Prote\u00ednas\"><img decoding=\"async\" width=\"1000\" height=\"1000\" src=\"https:\/\/frenzzi.it\/wp-content\/uploads\/2024\/01\/cascata-di-proteine-chia-yellow-1000x1000.jpg\" class=\"attachment-woocommerce_thumbnail size-woocommerce_thumbnail\" alt=\"Cascata di Proteine\" srcset=\"https:\/\/frenzzi.it\/wp-content\/uploads\/2024\/01\/cascata-di-proteine-chia-yellow-1000x1000.jpg 1000w, https:\/\/frenzzi.it\/wp-content\/uploads\/2024\/01\/cascata-di-proteine-chia-yellow-300x300.jpg 300w, https:\/\/frenzzi.it\/wp-content\/uploads\/2024\/01\/cascata-di-proteine-chia-yellow-1024x1024.jpg 1024w, https:\/\/frenzzi.it\/wp-content\/uploads\/2024\/01\/cascata-di-proteine-chia-yellow-150x150.jpg 150w, https:\/\/frenzzi.it\/wp-content\/uploads\/2024\/01\/cascata-di-proteine-chia-yellow-768x768.jpg 768w, https:\/\/frenzzi.it\/wp-content\/uploads\/2024\/01\/cascata-di-proteine-chia-yellow-12x12.jpg 12w, https:\/\/frenzzi.it\/wp-content\/uploads\/2024\/01\/cascata-di-proteine-chia-yellow-100x100.jpg 100w, https:\/\/frenzzi.it\/wp-content\/uploads\/2024\/01\/cascata-di-proteine-chia-yellow-140x140.jpg 140w, https:\/\/frenzzi.it\/wp-content\/uploads\/2024\/01\/cascata-di-proteine-chia-yellow-500x500.jpg 500w, https:\/\/frenzzi.it\/wp-content\/uploads\/2024\/01\/cascata-di-proteine-chia-yellow-350x350.jpg 350w, https:\/\/frenzzi.it\/wp-content\/uploads\/2024\/01\/cascata-di-proteine-chia-yellow-800x800.jpg 800w, https:\/\/frenzzi.it\/wp-content\/uploads\/2024\/01\/cascata-di-proteine-chia-yellow-1320x1320.jpg 1320w, https:\/\/frenzzi.it\/wp-content\/uploads\/2024\/01\/cascata-di-proteine-chia-yellow.jpg 1365w\" sizes=\"(max-width: 1000px) 100vw, 1000px\" \/><img decoding=\"async\" width=\"1000\" height=\"1000\" src=\"https:\/\/frenzzi.it\/wp-content\/uploads\/2024\/01\/cascata-di-proteine.webp\" class=\"hover-gallery-image\" alt=\"\" srcset=\"https:\/\/frenzzi.it\/wp-content\/uploads\/2024\/01\/cascata-di-proteine.webp 1000w, https:\/\/frenzzi.it\/wp-content\/uploads\/2024\/01\/cascata-di-proteine-300x300.webp 300w, https:\/\/frenzzi.it\/wp-content\/uploads\/2024\/01\/cascata-di-proteine-150x150.webp 150w, https:\/\/frenzzi.it\/wp-content\/uploads\/2024\/01\/cascata-di-proteine-768x768.webp 768w, https:\/\/frenzzi.it\/wp-content\/uploads\/2024\/01\/cascata-di-proteine-12x12.webp 12w, https:\/\/frenzzi.it\/wp-content\/uploads\/2024\/01\/cascata-di-proteine-100x100.webp 100w, https:\/\/frenzzi.it\/wp-content\/uploads\/2024\/01\/cascata-di-proteine-140x140.webp 140w, https:\/\/frenzzi.it\/wp-content\/uploads\/2024\/01\/cascata-di-proteine-500x500.webp 500w, https:\/\/frenzzi.it\/wp-content\/uploads\/2024\/01\/cascata-di-proteine-350x350.webp 350w, https:\/\/frenzzi.it\/wp-content\/uploads\/2024\/01\/cascata-di-proteine-800x800.webp 800w\" sizes=\"(max-width: 1000px) 100vw, 1000px\" \/><\/a>\n\t\t\t\t\t<div class=\"product-add-to-cart\" data-nectar-quickview=\"true\"><a href=\"\/es\/wp-json\/wp\/v2\/posts\/3143?add-to-cart=1535\" aria-describedby=\"woocommerce_loop_add_to_cart_link_describedby_1535\" data-quantity=\"1\" class=\"button product_type_simple add_to_cart_button ajax_add_to_cart\" data-product_id=\"1535\" data-product_sku=\"\" aria-label=\"A\u00f1adir al carrito: \u201cCascata di Proteine\u201d\" rel=\"nofollow\" data-success_message=\"\u00abCascata di Proteine\u00bb se ha a\u00f1adido a tu carrito\" role=\"button\" data-no-translation-aria-label=\"\" data-no-translation-data-success_message=\"\"><i class=\"normal icon-salient-cart\"><\/i><span data-no-translation=\"\" data-trp-gettext=\"\">A\u00f1adir al carrito<\/span><\/a>\t<span id=\"woocommerce_loop_add_to_cart_link_describedby_1535\" class=\"screen-reader-text\">\n\t\t\t<\/span>\n<a class=\"nectar_quick_view no-ajaxy\" data-product-id=\"1535\"> <i class=\"normal icon-salient-m-eye\"><\/i>\n\t    <span>Quick View<\/span><\/a><\/div><\/div><div class=\"product-meta\"><div class=\"product-main-meta\">\n\t\t\t\t\t\t<a href=\"https:\/\/frenzzi.it\/es\/product\/cascata-di-proteine\/\"><h2 class=\"woocommerce-loop-product__title\">Cascada de Prote\u00ednas<\/h2><\/a>\n\t<span class=\"price\"><span class=\"woocommerce-Price-amount amount\"><bdi>16,00&nbsp;<span class=\"woocommerce-Price-currencySymbol\">&euro;<\/span><\/bdi><\/span><\/span>\n<\/div><div class=\"star-rating\" role=\"img\" aria-label=\"Valorado con 5.00 de 5\" data-no-translation-aria-label=\"\"><span style=\"width:100%\" data-no-translation=\"\" data-trp-gettext=\"\">Valorado con <strong class=\"rating\">5.00<\/strong> de 5<\/span><\/div><\/div><\/div>\t\t\n\t  \n\n\t\t\n\t\n\n\t<span class=\"gtm4wp_productdata\" style=\"display:none; visibility:hidden;\" data-gtm4wp_product_data=\"{&quot;internal_id&quot;:1535,&quot;item_id&quot;:1535,&quot;item_name&quot;:&quot;Cascata di Proteine&quot;,&quot;sku&quot;:1535,&quot;price&quot;:16,&quot;stocklevel&quot;:null,&quot;stockstatus&quot;:&quot;instock&quot;,&quot;google_business_vertical&quot;:&quot;retail&quot;,&quot;item_category&quot;:&quot;Styling&quot;,&quot;id&quot;:1535,&quot;productlink&quot;:&quot;https:\\\/\\\/frenzzi.it\\\/es\\\/product\\\/cascata-di-proteine\\\/&quot;,&quot;item_list_name&quot;:&quot;Lista general de productos&quot;,&quot;index&quot;:1,&quot;product_type&quot;:&quot;simple&quot;,&quot;item_brand&quot;:&quot;&quot;}\"><\/span>\n<\/li>\n\t\t\t\n\t\t\t\t\n\t<li class=\"minimal product type-product post-1692 status-publish instock product_cat-cosmetici product_cat-styling has-post-thumbnail featured shipping-taxable purchasable product-type-simple\" >\n\n\n\t\n\n\t\t\t\t <div class=\"background-color-expand\"><\/div>\n\t   <div class=\"product-wrap\">\n\t\t\t\n\t\t\t\t<div class=\"product-image-wrap has-hover-image\">\n\t\t\t\t\t<a href=\"https:\/\/frenzzi.it\/es\/product\/gel-ai-semi-di-lino\/\" aria-label=\"Gel de Lino\"><img decoding=\"async\" width=\"1000\" height=\"1000\" src=\"https:\/\/frenzzi.it\/wp-content\/uploads\/2024\/01\/gel-di-lino-yellow-1000x1000.jpg\" class=\"attachment-woocommerce_thumbnail size-woocommerce_thumbnail\" alt=\"Gel ai Semi di Lino\" srcset=\"https:\/\/frenzzi.it\/wp-content\/uploads\/2024\/01\/gel-di-lino-yellow-1000x1000.jpg 1000w, https:\/\/frenzzi.it\/wp-content\/uploads\/2024\/01\/gel-di-lino-yellow-300x300.jpg 300w, https:\/\/frenzzi.it\/wp-content\/uploads\/2024\/01\/gel-di-lino-yellow-1024x1024.jpg 1024w, https:\/\/frenzzi.it\/wp-content\/uploads\/2024\/01\/gel-di-lino-yellow-150x150.jpg 150w, https:\/\/frenzzi.it\/wp-content\/uploads\/2024\/01\/gel-di-lino-yellow-768x768.jpg 768w, https:\/\/frenzzi.it\/wp-content\/uploads\/2024\/01\/gel-di-lino-yellow-12x12.jpg 12w, https:\/\/frenzzi.it\/wp-content\/uploads\/2024\/01\/gel-di-lino-yellow-100x100.jpg 100w, https:\/\/frenzzi.it\/wp-content\/uploads\/2024\/01\/gel-di-lino-yellow-140x140.jpg 140w, https:\/\/frenzzi.it\/wp-content\/uploads\/2024\/01\/gel-di-lino-yellow-500x500.jpg 500w, https:\/\/frenzzi.it\/wp-content\/uploads\/2024\/01\/gel-di-lino-yellow-350x350.jpg 350w, https:\/\/frenzzi.it\/wp-content\/uploads\/2024\/01\/gel-di-lino-yellow-800x800.jpg 800w, https:\/\/frenzzi.it\/wp-content\/uploads\/2024\/01\/gel-di-lino-yellow-1320x1320.jpg 1320w, https:\/\/frenzzi.it\/wp-content\/uploads\/2024\/01\/gel-di-lino-yellow.jpg 1365w\" sizes=\"(max-width: 1000px) 100vw, 1000px\" \/><img decoding=\"async\" width=\"1000\" height=\"1000\" src=\"https:\/\/frenzzi.it\/wp-content\/uploads\/2024\/01\/gel-di-lino.webp\" class=\"hover-gallery-image\" alt=\"\" srcset=\"https:\/\/frenzzi.it\/wp-content\/uploads\/2024\/01\/gel-di-lino.webp 1000w, https:\/\/frenzzi.it\/wp-content\/uploads\/2024\/01\/gel-di-lino-300x300.webp 300w, https:\/\/frenzzi.it\/wp-content\/uploads\/2024\/01\/gel-di-lino-150x150.webp 150w, https:\/\/frenzzi.it\/wp-content\/uploads\/2024\/01\/gel-di-lino-768x768.webp 768w, https:\/\/frenzzi.it\/wp-content\/uploads\/2024\/01\/gel-di-lino-12x12.webp 12w, https:\/\/frenzzi.it\/wp-content\/uploads\/2024\/01\/gel-di-lino-100x100.webp 100w, https:\/\/frenzzi.it\/wp-content\/uploads\/2024\/01\/gel-di-lino-140x140.webp 140w, https:\/\/frenzzi.it\/wp-content\/uploads\/2024\/01\/gel-di-lino-500x500.webp 500w, https:\/\/frenzzi.it\/wp-content\/uploads\/2024\/01\/gel-di-lino-350x350.webp 350w, https:\/\/frenzzi.it\/wp-content\/uploads\/2024\/01\/gel-di-lino-800x800.webp 800w\" sizes=\"(max-width: 1000px) 100vw, 1000px\" \/><\/a>\n\t\t\t\t\t<div class=\"product-add-to-cart\" data-nectar-quickview=\"true\"><a href=\"\/es\/wp-json\/wp\/v2\/posts\/3143?add-to-cart=1692\" aria-describedby=\"woocommerce_loop_add_to_cart_link_describedby_1692\" data-quantity=\"1\" class=\"button product_type_simple add_to_cart_button ajax_add_to_cart\" data-product_id=\"1692\" data-product_sku=\"\" aria-label=\"A\u00f1adir al carrito: \u201cGel ai Semi di Lino\u201d\" rel=\"nofollow\" data-success_message=\"\u00abGel ai Semi di Lino\u00bb se ha a\u00f1adido a tu carrito\" role=\"button\" data-no-translation-aria-label=\"\" data-no-translation-data-success_message=\"\"><i class=\"normal icon-salient-cart\"><\/i><span data-no-translation=\"\" data-trp-gettext=\"\">A\u00f1adir al carrito<\/span><\/a>\t<span id=\"woocommerce_loop_add_to_cart_link_describedby_1692\" class=\"screen-reader-text\">\n\t\t\t<\/span>\n<a class=\"nectar_quick_view no-ajaxy\" data-product-id=\"1692\"> <i class=\"normal icon-salient-m-eye\"><\/i>\n\t    <span>Quick View<\/span><\/a><\/div><\/div><div class=\"product-meta\"><div class=\"product-main-meta\">\n\t\t\t\t\t\t<a href=\"https:\/\/frenzzi.it\/es\/product\/gel-ai-semi-di-lino\/\"><h2 class=\"woocommerce-loop-product__title\">Gel de Lino<\/h2><\/a>\n\t<span class=\"price\"><span class=\"woocommerce-Price-amount amount\"><bdi>21,00&nbsp;<span class=\"woocommerce-Price-currencySymbol\">&euro;<\/span><\/bdi><\/span><\/span>\n<\/div><div class=\"star-rating\" role=\"img\" aria-label=\"Valorado con 5.00 de 5\" data-no-translation-aria-label=\"\"><span style=\"width:100%\" data-no-translation=\"\" data-trp-gettext=\"\">Valorado con <strong class=\"rating\">5.00<\/strong> de 5<\/span><\/div><\/div><\/div>\t\t\n\t  \n\n\t\t\n\t\n\n\t<span class=\"gtm4wp_productdata\" style=\"display:none; visibility:hidden;\" data-gtm4wp_product_data=\"{&quot;internal_id&quot;:1692,&quot;item_id&quot;:1692,&quot;item_name&quot;:&quot;Gel ai Semi di Lino&quot;,&quot;sku&quot;:1692,&quot;price&quot;:21,&quot;stocklevel&quot;:null,&quot;stockstatus&quot;:&quot;instock&quot;,&quot;google_business_vertical&quot;:&quot;retail&quot;,&quot;item_category&quot;:&quot;Styling&quot;,&quot;id&quot;:1692,&quot;productlink&quot;:&quot;https:\\\/\\\/frenzzi.it\\\/es\\\/product\\\/gel-ai-semi-di-lino\\\/&quot;,&quot;item_list_name&quot;:&quot;Lista general de productos&quot;,&quot;index&quot;:2,&quot;product_type&quot;:&quot;simple&quot;,&quot;item_brand&quot;:&quot;&quot;}\"><\/span>\n<\/li>\n\t\t\t\n\t\t\t\t\n\t<li class=\"minimal product type-product post-1699 status-publish onbackorder product_cat-cosmetici product_cat-styling has-post-thumbnail featured shipping-taxable purchasable product-type-simple\" >\n\n\n\t\n\n\t\t\t\t <div class=\"background-color-expand\"><\/div>\n\t   <div class=\"product-wrap\">\n\t\t\t\n\t\t\t\t<div class=\"product-image-wrap has-hover-image\">\n\t\t\t\t\t<a href=\"https:\/\/frenzzi.it\/es\/product\/crema-modellante-mirtilli\/\" aria-label=\"Crema de Peinar Ar\u00e1ndanos\"><img decoding=\"async\" width=\"1000\" height=\"1000\" src=\"https:\/\/frenzzi.it\/wp-content\/uploads\/2024\/01\/crema-modellante-mirtilli-yellow-1000x1000.jpg\" class=\"attachment-woocommerce_thumbnail size-woocommerce_thumbnail\" alt=\"Crema Modellante Mirtilli\" srcset=\"https:\/\/frenzzi.it\/wp-content\/uploads\/2024\/01\/crema-modellante-mirtilli-yellow-1000x1000.jpg 1000w, https:\/\/frenzzi.it\/wp-content\/uploads\/2024\/01\/crema-modellante-mirtilli-yellow-300x300.jpg 300w, https:\/\/frenzzi.it\/wp-content\/uploads\/2024\/01\/crema-modellante-mirtilli-yellow-1024x1024.jpg 1024w, https:\/\/frenzzi.it\/wp-content\/uploads\/2024\/01\/crema-modellante-mirtilli-yellow-150x150.jpg 150w, https:\/\/frenzzi.it\/wp-content\/uploads\/2024\/01\/crema-modellante-mirtilli-yellow-768x768.jpg 768w, https:\/\/frenzzi.it\/wp-content\/uploads\/2024\/01\/crema-modellante-mirtilli-yellow-12x12.jpg 12w, https:\/\/frenzzi.it\/wp-content\/uploads\/2024\/01\/crema-modellante-mirtilli-yellow-100x100.jpg 100w, https:\/\/frenzzi.it\/wp-content\/uploads\/2024\/01\/crema-modellante-mirtilli-yellow-140x140.jpg 140w, https:\/\/frenzzi.it\/wp-content\/uploads\/2024\/01\/crema-modellante-mirtilli-yellow-500x500.jpg 500w, https:\/\/frenzzi.it\/wp-content\/uploads\/2024\/01\/crema-modellante-mirtilli-yellow-350x350.jpg 350w, https:\/\/frenzzi.it\/wp-content\/uploads\/2024\/01\/crema-modellante-mirtilli-yellow-800x800.jpg 800w, https:\/\/frenzzi.it\/wp-content\/uploads\/2024\/01\/crema-modellante-mirtilli-yellow-1320x1320.jpg 1320w, https:\/\/frenzzi.it\/wp-content\/uploads\/2024\/01\/crema-modellante-mirtilli-yellow.jpg 1365w\" sizes=\"(max-width: 1000px) 100vw, 1000px\" \/><img decoding=\"async\" width=\"1000\" height=\"1000\" src=\"https:\/\/frenzzi.it\/wp-content\/uploads\/2024\/01\/crema-modellante.webp\" class=\"hover-gallery-image\" alt=\"\" srcset=\"https:\/\/frenzzi.it\/wp-content\/uploads\/2024\/01\/crema-modellante.webp 1000w, https:\/\/frenzzi.it\/wp-content\/uploads\/2024\/01\/crema-modellante-300x300.webp 300w, https:\/\/frenzzi.it\/wp-content\/uploads\/2024\/01\/crema-modellante-150x150.webp 150w, https:\/\/frenzzi.it\/wp-content\/uploads\/2024\/01\/crema-modellante-768x768.webp 768w, https:\/\/frenzzi.it\/wp-content\/uploads\/2024\/01\/crema-modellante-12x12.webp 12w, https:\/\/frenzzi.it\/wp-content\/uploads\/2024\/01\/crema-modellante-100x100.webp 100w, https:\/\/frenzzi.it\/wp-content\/uploads\/2024\/01\/crema-modellante-140x140.webp 140w, https:\/\/frenzzi.it\/wp-content\/uploads\/2024\/01\/crema-modellante-500x500.webp 500w, https:\/\/frenzzi.it\/wp-content\/uploads\/2024\/01\/crema-modellante-350x350.webp 350w, https:\/\/frenzzi.it\/wp-content\/uploads\/2024\/01\/crema-modellante-800x800.webp 800w\" sizes=\"(max-width: 1000px) 100vw, 1000px\" \/><\/a>\n\t\t\t\t\t<div class=\"product-add-to-cart\" data-nectar-quickview=\"true\"><a href=\"\/es\/wp-json\/wp\/v2\/posts\/3143?add-to-cart=1699\" aria-describedby=\"woocommerce_loop_add_to_cart_link_describedby_1699\" data-quantity=\"1\" class=\"button product_type_simple add_to_cart_button ajax_add_to_cart\" data-product_id=\"1699\" data-product_sku=\"\" aria-label=\"A\u00f1adir al carrito: \u201cCrema Modellante Mirtilli\u201d\" rel=\"nofollow\" data-success_message=\"\u00abCrema Modellante Mirtilli\u00bb se ha a\u00f1adido a tu carrito\" role=\"button\" data-no-translation-aria-label=\"\" data-no-translation-data-success_message=\"\"><i class=\"normal icon-salient-cart\"><\/i><span data-no-translation=\"\" data-trp-gettext=\"\">A\u00f1adir al carrito<\/span><\/a>\t<span id=\"woocommerce_loop_add_to_cart_link_describedby_1699\" class=\"screen-reader-text\">\n\t\t\t<\/span>\n<a class=\"nectar_quick_view no-ajaxy\" data-product-id=\"1699\"> <i class=\"normal icon-salient-m-eye\"><\/i>\n\t    <span>Quick View<\/span><\/a><\/div><\/div><div class=\"product-meta\"><div class=\"product-main-meta\">\n\t\t\t\t\t\t<a href=\"https:\/\/frenzzi.it\/es\/product\/crema-modellante-mirtilli\/\"><h2 class=\"woocommerce-loop-product__title\">Crema de Peinar Ar\u00e1ndanos<\/h2><\/a>\n\t<span class=\"price\"><span class=\"woocommerce-Price-amount amount\"><bdi>15,00&nbsp;<span class=\"woocommerce-Price-currencySymbol\">&euro;<\/span><\/bdi><\/span><\/span>\n<\/div><div class=\"star-rating\" role=\"img\" aria-label=\"Valorado con 5.00 de 5\" data-no-translation-aria-label=\"\"><span style=\"width:100%\" data-no-translation=\"\" data-trp-gettext=\"\">Valorado con <strong class=\"rating\">5.00<\/strong> de 5<\/span><\/div><\/div><\/div>\t\t\n\t  \n\n\t\t\n\t\n\n\t<span class=\"gtm4wp_productdata\" style=\"display:none; visibility:hidden;\" data-gtm4wp_product_data=\"{&quot;internal_id&quot;:1699,&quot;item_id&quot;:1699,&quot;item_name&quot;:&quot;Crema Modellante Mirtilli&quot;,&quot;sku&quot;:1699,&quot;price&quot;:15,&quot;stocklevel&quot;:null,&quot;stockstatus&quot;:&quot;onbackorder&quot;,&quot;google_business_vertical&quot;:&quot;retail&quot;,&quot;item_category&quot;:&quot;Styling&quot;,&quot;id&quot;:1699,&quot;productlink&quot;:&quot;https:\\\/\\\/frenzzi.it\\\/es\\\/product\\\/crema-modellante-mirtilli\\\/&quot;,&quot;item_list_name&quot;:&quot;Lista general de productos&quot;,&quot;index&quot;:3,&quot;product_type&quot;:&quot;simple&quot;,&quot;item_brand&quot;:&quot;&quot;}\"><\/span>\n<\/li>\n\t\t\t\n\t\t<\/ul>\n\n\t\t\n\t<\/div>\n\t\t\t<\/div> \n\t\t<\/div>\n\t<\/div> \n\n\t<div  class=\"vc_col-sm-2 wpb_column column_container vc_column_container col no-extra-padding inherit_tablet inherit_phone\"  data-padding-pos=\"all\" data-has-bg-color=\"false\" data-bg-color=\"\" data-bg-opacity=\"1\" data-animation=\"\" data-delay=\"0\" >\n\t\t<div class=\"vc_column-inner\" >\n\t\t\t<div class=\"wpb_wrapper\">\n\t\t\t\t\n\t\t\t<\/div> \n\t\t<\/div>\n\t<\/div> \n<\/div><\/div>\n\t\t<div id=\"fws_69f18625e52a8\"  data-column-margin=\"default\" data-midnight=\"dark\"  class=\"wpb_row vc_row-fluid vc_row\"  style=\"padding-top: 0px; padding-bottom: 0px; \"><div class=\"row-bg-wrap\" data-bg-animation=\"none\" data-bg-animation-delay=\"\" data-bg-overlay=\"false\"><div class=\"inner-wrap row-bg-layer\" ><div class=\"row-bg viewport-desktop\"  style=\"\"><\/div><\/div><\/div><div class=\"row_col_wrap_12 col span_12 dark left\">\n\t<div  class=\"vc_col-sm-12 wpb_column column_container vc_column_container col no-extra-padding inherit_tablet inherit_phone\"  data-padding-pos=\"all\" data-has-bg-color=\"false\" data-bg-color=\"\" data-bg-opacity=\"1\" data-animation=\"\" data-delay=\"0\" >\n\t\t<div class=\"vc_column-inner\" >\n\t\t\t<div class=\"wpb_wrapper\">\n\t\t\t\t\n\t\t\t<\/div> \n\t\t<\/div>\n\t<\/div> \n<\/div><\/div>","protected":false},"excerpt":{"rendered":"Consigli d\u2019uso Passo 1: Applicazione della Crema Applica una piccola quantit\u00e0 sul palmo delle mani ed emulsiona, poi distribuiscila sui capelli umidi o bagnati da met\u00e0 lunghezza alle punte. Passo...","protected":false},"author":2,"featured_media":3373,"comment_status":"closed","ping_status":"open","sticky":false,"template":"","format":"standard","meta":{"footnotes":""},"categories":[54],"tags":[],"class_list":{"0":"post-3143","1":"post","2":"type-post","3":"status-publish","4":"format-standard","5":"has-post-thumbnail","7":"category-capelli-ricci-frenzzi"},"_links":{"self":[{"href":"https:\/\/frenzzi.it\/es\/wp-json\/wp\/v2\/posts\/3143","targetHints":{"allow":["GET"]}}],"collection":[{"href":"https:\/\/frenzzi.it\/es\/wp-json\/wp\/v2\/posts"}],"about":[{"href":"https:\/\/frenzzi.it\/es\/wp-json\/wp\/v2\/types\/post"}],"author":[{"embeddable":true,"href":"https:\/\/frenzzi.it\/es\/wp-json\/wp\/v2\/users\/2"}],"replies":[{"embeddable":true,"href":"https:\/\/frenzzi.it\/es\/wp-json\/wp\/v2\/comments?post=3143"}],"version-history":[{"count":14,"href":"https:\/\/frenzzi.it\/es\/wp-json\/wp\/v2\/posts\/3143\/revisions"}],"predecessor-version":[{"id":3442,"href":"https:\/\/frenzzi.it\/es\/wp-json\/wp\/v2\/posts\/3143\/revisions\/3442"}],"wp:featuredmedia":[{"embeddable":true,"href":"https:\/\/frenzzi.it\/es\/wp-json\/wp\/v2\/media\/3373"}],"wp:attachment":[{"href":"https:\/\/frenzzi.it\/es\/wp-json\/wp\/v2\/media?parent=3143"}],"wp:term":[{"taxonomy":"category","embeddable":true,"href":"https:\/\/frenzzi.it\/es\/wp-json\/wp\/v2\/categories?post=3143"},{"taxonomy":"post_tag","embeddable":true,"href":"https:\/\/frenzzi.it\/es\/wp-json\/wp\/v2\/tags?post=3143"}],"curies":[{"name":"wp","href":"https:\/\/api.w.org\/{rel}","templated":true}]}}